{"id":112,"date":"2006-01-28T10:26:00","date_gmt":"2006-01-28T10:26:00","guid":{"rendered":"http:\/\/lavigilanta.info\/wordpress\/?p=112"},"modified":"2006-01-28T10:26:00","modified_gmt":"2006-01-28T10:26:00","slug":"estudio-de-comparacion-de-medidas-antiterroristas-en-eeuu-y-la-ue","status":"publish","type":"post","link":"https:\/\/lavigilanta.info\/?p=112","title":{"rendered":"Estudio de comparaci\u00f3n de &#34;medidas antiterroristas&#34; en EEUU y la UE"},"content":{"rendered":"<p>En <a href=\"http:\/\/sobreatlantis.zoomblog.com\/archivo\/2006\/01\/21\/recopilacion-de-criticas-y-otras-histo.html\">Sobre Atlantis<\/a> nos encontramos con esta referencia al estudio comparativo de <a href=\"http:\/\/www.privacyinternational.org\/issues\/terrorism\/rpt\/comparativeterrorreportdec2005.pdf\">Privacy International<\/a> sobre las medidas antiterroristas que se aplican en Estados Unidos y en la Uni\u00f3n Europea (documento pdf).<\/p>\n<p>Como por desgracia a medidas de \u00abretenci\u00f3n de datos\u00bb que pura y llanamente agreden el derecho a la privacidad de todos los ciudadanos (los buenos y los malos) se les da el nombre eufem\u00edstico de \u00abmedidas antiterroristas\u00bb, pues considero pertinente su inclusi\u00f3n en este medio. De hecho, este es el enfoque que le dan los autores.<\/p>\n<p>Vale la pena que ve\u00e1is la tabla que aparece en las p\u00e1ginas ii y iii del \u00abresumen ejecutivo\u00bb. Para cada pol\u00edtica (acceso a datos de comunicaciones; retenci\u00f3n de datos de comunicaciones; data mining o explotaci\u00f3n de bases de datos; acceso a registros de pasajeros de l\u00edneas a\u00e9reas; registro biom\u00e9trico) nos indica, para el caso de la UE y el de EEUU, si existe esa pol\u00edtica (i.e. si est\u00e1 legislada) y si existe debate p\u00fablico al respecto.<\/p>\n<p>Echadle un vistazo: en una tablita est\u00e1 mucho m\u00e1s claro.<\/p>\n","protected":false},"excerpt":{"rendered":"<p>En Sobre Atlantis nos encontramos con esta referencia al estudio comparativo de Privacy International sobre las medidas antiterroristas que se aplican en Estados Unidos y en la Uni\u00f3n Europea (documento pdf). Como por desgracia a medidas de \u00abretenci\u00f3n de datos\u00bb que pura y llanamente agreden el derecho a la privacidad de todos los ciudadanos (los &hellip; <a href=\"https:\/\/lavigilanta.info\/?p=112\" class=\"more-link\">Seguir leyendo <span class=\"screen-reader-text\">Estudio de comparaci\u00f3n de &#34;medidas antiterroristas&#34; en EEUU y la UE<\/span> <span class=\"meta-nav\">&rarr;<\/span><\/a><\/p>\n","protected":false},"author":2,"featured_media":0,"comment_status":"open","ping_status":"open","sticky":false,"template":"","format":"standard","meta":[],"categories":[1],"tags":[],"_links":{"self":[{"href":"https:\/\/lavigilanta.info\/index.php?rest_route=\/wp\/v2\/posts\/112"}],"collection":[{"href":"https:\/\/lavigilanta.info\/index.php?rest_route=\/wp\/v2\/posts"}],"about":[{"href":"https:\/\/lavigilanta.info\/index.php?rest_route=\/wp\/v2\/types\/post"}],"author":[{"embeddable":true,"href":"https:\/\/lavigilanta.info\/index.php?rest_route=\/wp\/v2\/users\/2"}],"replies":[{"embeddable":true,"href":"https:\/\/lavigilanta.info\/index.php?rest_route=%2Fwp%2Fv2%2Fcomments&post=112"}],"version-history":[{"count":0,"href":"https:\/\/lavigilanta.info\/index.php?rest_route=\/wp\/v2\/posts\/112\/revisions"}],"wp:attachment":[{"href":"https:\/\/lavigilanta.info\/index.php?rest_route=%2Fwp%2Fv2%2Fmedia&parent=112"}],"wp:term":[{"taxonomy":"category","embeddable":true,"href":"https:\/\/lavigilanta.info\/index.php?rest_route=%2Fwp%2Fv2%2Fcategories&post=112"},{"taxonomy":"post_tag","embeddable":true,"href":"https:\/\/lavigilanta.info\/index.php?rest_route=%2Fwp%2Fv2%2Ftags&post=112"}],"curies":[{"name":"wp","href":"https:\/\/api.w.org\/{rel}","templated":true}]}}