{"id":1081,"date":"2008-12-08T13:36:20","date_gmt":"2008-12-08T11:36:20","guid":{"rendered":"http:\/\/lavigilanta.info\/wordpress\/?p=1081"},"modified":"2008-12-08T13:36:20","modified_gmt":"2008-12-08T11:36:20","slug":"roban-datos-bancarios-de-21-millones-de-alemanes","status":"publish","type":"post","link":"https:\/\/lavigilanta.info\/?p=1081","title":{"rendered":"Roban datos bancarios de 21 millones de alemanes"},"content":{"rendered":"<p>A trav\u00e9s del peri\u00f3dico mexicano <a href=\"http:\/\/www.eluniversal.com.mx\/notas\/560913.html\">El Universal <\/a>nos enteramos de que corre por el mercado negro un fichero con los datos personales, incluyendo los de patrimonio y las cuentas bancarias, de 21 millones de alemanes. <\/p>\n<p>Esto se descubri\u00f3 como parte de una investigaci\u00f3n period\u00edstica del diario econ\u00f3mico Witschafswoche. Seg\u00fan esta publicaci\u00f3n, se ped\u00edan 12 millones de euros por dicha informaci\u00f3n personal. Ya han realizado la correspondiente denuncia en los juzgados de D\u00fcsseldorf.<\/p>\n<p>\u00bfQui\u00e9n hablaba el otro d\u00eda sobre <a href=\"http:\/\/www.versvs.net\/anotacion\/vida-privada-producto\">la vida privada como producto<\/a>?<\/p>\n","protected":false},"excerpt":{"rendered":"<p>A trav\u00e9s del peri\u00f3dico mexicano El Universal nos enteramos de que corre por el mercado negro un fichero con los datos personales, incluyendo los de patrimonio y las cuentas bancarias, de 21 millones de alemanes. Esto se descubri\u00f3 como parte de una investigaci\u00f3n period\u00edstica del diario econ\u00f3mico Witschafswoche. Seg\u00fan esta publicaci\u00f3n, se ped\u00edan 12 millones &hellip; <a href=\"https:\/\/lavigilanta.info\/?p=1081\" class=\"more-link\">Seguir leyendo <span class=\"screen-reader-text\">Roban datos bancarios de 21 millones de alemanes<\/span> <span class=\"meta-nav\">&rarr;<\/span><\/a><\/p>\n","protected":false},"author":2,"featured_media":0,"comment_status":"open","ping_status":"open","sticky":false,"template":"","format":"standard","meta":[],"categories":[42],"tags":[],"_links":{"self":[{"href":"https:\/\/lavigilanta.info\/index.php?rest_route=\/wp\/v2\/posts\/1081"}],"collection":[{"href":"https:\/\/lavigilanta.info\/index.php?rest_route=\/wp\/v2\/posts"}],"about":[{"href":"https:\/\/lavigilanta.info\/index.php?rest_route=\/wp\/v2\/types\/post"}],"author":[{"embeddable":true,"href":"https:\/\/lavigilanta.info\/index.php?rest_route=\/wp\/v2\/users\/2"}],"replies":[{"embeddable":true,"href":"https:\/\/lavigilanta.info\/index.php?rest_route=%2Fwp%2Fv2%2Fcomments&post=1081"}],"version-history":[{"count":1,"href":"https:\/\/lavigilanta.info\/index.php?rest_route=\/wp\/v2\/posts\/1081\/revisions"}],"predecessor-version":[{"id":1082,"href":"https:\/\/lavigilanta.info\/index.php?rest_route=\/wp\/v2\/posts\/1081\/revisions\/1082"}],"wp:attachment":[{"href":"https:\/\/lavigilanta.info\/index.php?rest_route=%2Fwp%2Fv2%2Fmedia&parent=1081"}],"wp:term":[{"taxonomy":"category","embeddable":true,"href":"https:\/\/lavigilanta.info\/index.php?rest_route=%2Fwp%2Fv2%2Fcategories&post=1081"},{"taxonomy":"post_tag","embeddable":true,"href":"https:\/\/lavigilanta.info\/index.php?rest_route=%2Fwp%2Fv2%2Ftags&post=1081"}],"curies":[{"name":"wp","href":"https:\/\/api.w.org\/{rel}","templated":true}]}}