{"id":1050,"date":"2008-11-25T18:08:10","date_gmt":"2008-11-25T16:08:10","guid":{"rendered":"http:\/\/lavigilanta.info\/wordpress\/?p=1050"},"modified":"2008-11-25T18:23:38","modified_gmt":"2008-11-25T16:23:38","slug":"ministerio-de-cultura-y-la-sgae-fud-y-autobombo-todo-el-mismo-dia","status":"publish","type":"post","link":"https:\/\/lavigilanta.info\/?p=1050","title":{"rendered":"Ministerio de Cultura y la SGAE: Fud y autobombo, todo el mismo d\u00eda"},"content":{"rendered":"<p>Leemos en <a href=\"http:\/\/www.elmundo.es\/navegante\/2008\/11\/25\/tecnologia\/1227625400.html\">El Mundo<\/a> que el ministerio de cultura ha sacado otra de esas campa\u00f1as \u00abno robar\u00e1s un bolso\u00bb pero en m\u00e1s est\u00fapido. Su lema principal es una tautolog\u00eda \u00absi eres legal, eres legal\u00bb, y en ella se afirma que \u00abte digan lo que te digan, el P2P es ilegal\u00bb. Ol\u00e9 a la propaganda tal y cual la invent\u00f3 ese nazi llamado Goebbels, cuya mayor aportaci\u00f3n al mundo fue que \u00aba base de repetir machaconamente una mentira, la gente se la cree\u00bb. L\u00e9anse las leyes, queridos conciudadanos: la copia privada sin \u00e1nimo de lucro es un derecho que de momento tenemos. Aunque est\u00e9 al caer su desaparici\u00f3n.<\/p>\n<p>A la vez se inaugura la feria-engendro <a href=\"http:\/\/mirror.ficod2008.es\/fase1\/index_cv.php\">FICOD 08<\/a> en la que seguro se criminalizar\u00e1 a la ciudadan\u00eda, es a lo que se dedica la \u00abindustria cultural\u00bb cuando se encuentra con las autoridades. Pero eso es otro asunto. Intrigada por la sustancia de dicho evento de tan feo nombre, me puse a ver si su sitio Web daba respuesta a mi pregunta fundamental: \u00bfqu\u00e9 diantres es el FICOD?. Tienen una secci\u00f3n <a href=\"http:\/\/mirror.ficod2008.es\/fase1\/01_que_y_cuando.html\">qu\u00e9-cuando<\/a> tras cuya lectura se supone que se aclarar\u00edan mis dudas. Pero esto es lo que indican all\u00e1:<\/p>\n<blockquote><p>El FICOD es el resultado de la puesta en marcha de una serie de medidas aprobadas por el MITyC, y que se enmarcan en el Plan Avanza para el desarrollo de la Sociedad de la Informaci\u00f3n y la convergencia con Europa y entre las Comunidades Aut\u00f3nomas. <\/p><\/blockquote>\n<p>Tan vaga es la definici\u00f3n que hasta se podr\u00eda afirmar que el FICOD es en realidad&#8230; un <strong>ficus<\/strong>. Resultado de una serie de medidas, \u00bfno es cierto? (comprar un tiesto, llenarlo de tierra, plantar semillas y regarlo).<\/p>\n<p>No me rend\u00ed y me fui a la p\u00e1gina de <a href=\"http:\/\/mirror.ficod2008.es\/fase1\/01a_objetivos.html\">objetivos<\/a>. All\u00e1 me hicieron parpadear fuerte de nuevo. Estos son, amigos m\u00edos, los objetivos oficiales del FICOD:<\/p>\n<blockquote>\n<ul>\n<li>Desarrollo y potenciaci\u00f3n de la industria internacional de contenidos digitales. <\/li>\n<li>Desarrollo y potenciaci\u00f3n de los contenidos digitales para los mercados de lengua espa\u00f1ola. <\/li>\n<li>Cerca de 450 millones de hispanoparlantes y m\u00e1s de 102 millones de internautas <\/li>\n<\/ul>\n<\/blockquote>\n<p>Lo primero es quijotesco. Lo segundo contradice a lo primero. Lo tercero es un hecho, no un objetivo. Antes de empezar a despotricar contra la agencia de PR que dise\u00f1\u00f3 el sitio, pensemos dos veces. No pueden explicar qu\u00e9 es el FICOD&#8230; porque no es m\u00e1s que un sarao organizado por un par de ministerios para hacer un poco (o un mucho) de autobombo y justificar sus sueldos de funcionarios, pero no se puede decir as\u00ed de claro. Igual hasta se van a dormir bien satisfechos de s\u00ed mismos pensando que gracias a sus actos han potenciado la Sociedad de la Informaci\u00f3n. Puaj.<\/p>\n","protected":false},"excerpt":{"rendered":"<p>Leemos en El Mundo que el ministerio de cultura ha sacado otra de esas campa\u00f1as \u00abno robar\u00e1s un bolso\u00bb pero en m\u00e1s est\u00fapido. Su lema principal es una tautolog\u00eda \u00absi eres legal, eres legal\u00bb, y en ella se afirma que \u00abte digan lo que te digan, el P2P es ilegal\u00bb. Ol\u00e9 a la propaganda tal &hellip; <a href=\"https:\/\/lavigilanta.info\/?p=1050\" class=\"more-link\">Seguir leyendo <span class=\"screen-reader-text\">Ministerio de Cultura y la SGAE: Fud y autobombo, todo el mismo d\u00eda<\/span> <span class=\"meta-nav\">&rarr;<\/span><\/a><\/p>\n","protected":false},"author":2,"featured_media":0,"comment_status":"open","ping_status":"open","sticky":false,"template":"","format":"standard","meta":[],"categories":[54,171],"tags":[],"_links":{"self":[{"href":"https:\/\/lavigilanta.info\/index.php?rest_route=\/wp\/v2\/posts\/1050"}],"collection":[{"href":"https:\/\/lavigilanta.info\/index.php?rest_route=\/wp\/v2\/posts"}],"about":[{"href":"https:\/\/lavigilanta.info\/index.php?rest_route=\/wp\/v2\/types\/post"}],"author":[{"embeddable":true,"href":"https:\/\/lavigilanta.info\/index.php?rest_route=\/wp\/v2\/users\/2"}],"replies":[{"embeddable":true,"href":"https:\/\/lavigilanta.info\/index.php?rest_route=%2Fwp%2Fv2%2Fcomments&post=1050"}],"version-history":[{"count":9,"href":"https:\/\/lavigilanta.info\/index.php?rest_route=\/wp\/v2\/posts\/1050\/revisions"}],"predecessor-version":[{"id":1059,"href":"https:\/\/lavigilanta.info\/index.php?rest_route=\/wp\/v2\/posts\/1050\/revisions\/1059"}],"wp:attachment":[{"href":"https:\/\/lavigilanta.info\/index.php?rest_route=%2Fwp%2Fv2%2Fmedia&parent=1050"}],"wp:term":[{"taxonomy":"category","embeddable":true,"href":"https:\/\/lavigilanta.info\/index.php?rest_route=%2Fwp%2Fv2%2Fcategories&post=1050"},{"taxonomy":"post_tag","embeddable":true,"href":"https:\/\/lavigilanta.info\/index.php?rest_route=%2Fwp%2Fv2%2Ftags&post=1050"}],"curies":[{"name":"wp","href":"https:\/\/api.w.org\/{rel}","templated":true}]}}