{"id":1040,"date":"2008-11-23T17:15:22","date_gmt":"2008-11-23T15:15:22","guid":{"rendered":"http:\/\/lavigilanta.info\/wordpress\/?p=1040"},"modified":"2008-11-23T17:15:22","modified_gmt":"2008-11-23T15:15:22","slug":"anna-roth-viviendo-bajo-vigilancia","status":"publish","type":"post","link":"https:\/\/lavigilanta.info\/?p=1040","title":{"rendered":"Anna Roth: Viviendo bajo vigilancia"},"content":{"rendered":"<p>Anna Roth es la pareja de Andrej Holm, un activista y soci\u00f3logo alem\u00e1n acusado por las autoridades de \u00abterrorismo\u00bb. Las pautas de su comportamiento que lo delataban: encriptar el email y no tener m\u00f3vil. Fue detenido en 2007, pas\u00f3 3 semanas en la c\u00e1rcel y desde su salida su vida es permanentemente vigilada por los servicios secretos. Uno pensar\u00eda que esas cosas solamente pasaban en la Rep\u00fablica Democr\u00e1tica Alemana tal y como lo vimos todos en la tremenda pel\u00edcula \u00ab<a href=\"http:\/\/www.google.com\/url?sa=t&amp;source=web&amp;ct=res&amp;cd=1&amp;url=http%3A%2F%2Fwww.filmaffinity.com%2Fes%2Ffilm381846.html&amp;ei=_HIpSarwL5byQvucsLkC&amp;usg=AFQjCNHBXiqFkQYG7DzjIOeO3wZz-olA4Q&amp;sig2=76puGGmpvwrHZqKjPr56RA\">la vida de los otros<\/a>\u00ab, pero no. Esto pasa en la Alemania que se supone que es la \u00abbuena\u00bb y pasa hoy en d\u00eda.<\/p>\n<p>Nos dicen en <a href=\"http:\/\/astillero.org\/viviendo-bajo-vigilancia\/\">El Astillero<\/a> que Anna ha creado un <a href=\"http:\/\/annalist.noblogs.org\/\">blog<\/a> para expresar la angustia del d\u00eda a d\u00eda sometida a vigilancia constante.<\/p>\n<p>Y ahora \u00bfnos empiezan a parecer amenazantes esas blanqu\u00edsimas c\u00e1maras de vigilancia que hay instaladas en todas partes \u00abpor nuestra seguridad\u00bb?<\/p>\n","protected":false},"excerpt":{"rendered":"<p>Anna Roth es la pareja de Andrej Holm, un activista y soci\u00f3logo alem\u00e1n acusado por las autoridades de \u00abterrorismo\u00bb. Las pautas de su comportamiento que lo delataban: encriptar el email y no tener m\u00f3vil. Fue detenido en 2007, pas\u00f3 3 semanas en la c\u00e1rcel y desde su salida su vida es permanentemente vigilada por los &hellip; <a href=\"https:\/\/lavigilanta.info\/?p=1040\" class=\"more-link\">Seguir leyendo <span class=\"screen-reader-text\">Anna Roth: Viviendo bajo vigilancia<\/span> <span class=\"meta-nav\">&rarr;<\/span><\/a><\/p>\n","protected":false},"author":2,"featured_media":0,"comment_status":"open","ping_status":"open","sticky":false,"template":"","format":"standard","meta":[],"categories":[88,153],"tags":[],"_links":{"self":[{"href":"https:\/\/lavigilanta.info\/index.php?rest_route=\/wp\/v2\/posts\/1040"}],"collection":[{"href":"https:\/\/lavigilanta.info\/index.php?rest_route=\/wp\/v2\/posts"}],"about":[{"href":"https:\/\/lavigilanta.info\/index.php?rest_route=\/wp\/v2\/types\/post"}],"author":[{"embeddable":true,"href":"https:\/\/lavigilanta.info\/index.php?rest_route=\/wp\/v2\/users\/2"}],"replies":[{"embeddable":true,"href":"https:\/\/lavigilanta.info\/index.php?rest_route=%2Fwp%2Fv2%2Fcomments&post=1040"}],"version-history":[{"count":2,"href":"https:\/\/lavigilanta.info\/index.php?rest_route=\/wp\/v2\/posts\/1040\/revisions"}],"predecessor-version":[{"id":1042,"href":"https:\/\/lavigilanta.info\/index.php?rest_route=\/wp\/v2\/posts\/1040\/revisions\/1042"}],"wp:attachment":[{"href":"https:\/\/lavigilanta.info\/index.php?rest_route=%2Fwp%2Fv2%2Fmedia&parent=1040"}],"wp:term":[{"taxonomy":"category","embeddable":true,"href":"https:\/\/lavigilanta.info\/index.php?rest_route=%2Fwp%2Fv2%2Fcategories&post=1040"},{"taxonomy":"post_tag","embeddable":true,"href":"https:\/\/lavigilanta.info\/index.php?rest_route=%2Fwp%2Fv2%2Ftags&post=1040"}],"curies":[{"name":"wp","href":"https:\/\/api.w.org\/{rel}","templated":true}]}}