{"id":10,"date":"2005-07-06T06:38:00","date_gmt":"2005-07-06T06:38:00","guid":{"rendered":"http:\/\/lavigilanta.info\/wordpress\/?p=10"},"modified":"2005-07-06T06:38:00","modified_gmt":"2005-07-06T06:38:00","slug":"%c2%bfesto-de-que-va","status":"publish","type":"post","link":"https:\/\/lavigilanta.info\/?p=10","title":{"rendered":"\u00bfEsto de qu\u00e9 va?"},"content":{"rendered":"<p>En el mundo hay muchas cosas que me interesan. Soy un ser humano que vive en sociedad. Y soy inform\u00e1tica. Me apasiona la intersecci\u00f3n de ambos aspectos, y en este momento estoy especialmente pendiente de los efectos en las libertades personales de los individuos que tiene la nueva hornada de tecnolog\u00edas de la informaci\u00f3n y la comunicaci\u00f3n. Desde que todos vamos con el m\u00f3vil a cuestas y all\u00e1 donde vas hay una red de datos: sea WiFi, sea una red personal (bluetooth), sea el dichoso GPRS; desde que es m\u00e1s barato un giga de disco duro que un paquete de pipas; y desde que parece ser que a todos nos ha dado por hablar en un mismo idioma que dir\u00eda Gloria Estefan (XML) pues la cantidad de informaci\u00f3n nuestra que se captura, que se almacena, que se transmite y que se puede cotejar es impresionante.<\/p>\n<p>Desde hace ya un par de a\u00f1itos env\u00edo a un grupo especial de personas todas las referencias al tema que encuentro en prensa, en la web, o donde quiera que sea. Sirva este blog como repositorio de dichas referencias de ahora en adelante, y si adem\u00e1s esto genera un debate con sustancia, pues tanto mejor.<\/p>\n<p>Empezamos con uno de ayer&#8230;<\/p>\n","protected":false},"excerpt":{"rendered":"<p>En el mundo hay muchas cosas que me interesan. Soy un ser humano que vive en sociedad. Y soy inform\u00e1tica. Me apasiona la intersecci\u00f3n de ambos aspectos, y en este momento estoy especialmente pendiente de los efectos en las libertades personales de los individuos que tiene la nueva hornada de tecnolog\u00edas de la informaci\u00f3n y &hellip; <a href=\"https:\/\/lavigilanta.info\/?p=10\" class=\"more-link\">Seguir leyendo <span class=\"screen-reader-text\">\u00bfEsto de qu\u00e9 va?<\/span> <span class=\"meta-nav\">&rarr;<\/span><\/a><\/p>\n","protected":false},"author":2,"featured_media":0,"comment_status":"open","ping_status":"open","sticky":false,"template":"","format":"standard","meta":[],"categories":[1],"tags":[],"_links":{"self":[{"href":"https:\/\/lavigilanta.info\/index.php?rest_route=\/wp\/v2\/posts\/10"}],"collection":[{"href":"https:\/\/lavigilanta.info\/index.php?rest_route=\/wp\/v2\/posts"}],"about":[{"href":"https:\/\/lavigilanta.info\/index.php?rest_route=\/wp\/v2\/types\/post"}],"author":[{"embeddable":true,"href":"https:\/\/lavigilanta.info\/index.php?rest_route=\/wp\/v2\/users\/2"}],"replies":[{"embeddable":true,"href":"https:\/\/lavigilanta.info\/index.php?rest_route=%2Fwp%2Fv2%2Fcomments&post=10"}],"version-history":[{"count":0,"href":"https:\/\/lavigilanta.info\/index.php?rest_route=\/wp\/v2\/posts\/10\/revisions"}],"wp:attachment":[{"href":"https:\/\/lavigilanta.info\/index.php?rest_route=%2Fwp%2Fv2%2Fmedia&parent=10"}],"wp:term":[{"taxonomy":"category","embeddable":true,"href":"https:\/\/lavigilanta.info\/index.php?rest_route=%2Fwp%2Fv2%2Fcategories&post=10"},{"taxonomy":"post_tag","embeddable":true,"href":"https:\/\/lavigilanta.info\/index.php?rest_route=%2Fwp%2Fv2%2Ftags&post=10"}],"curies":[{"name":"wp","href":"https:\/\/api.w.org\/{rel}","templated":true}]}}